{"id":224356,"date":"2026-03-17T07:14:26","date_gmt":"2026-03-17T06:14:26","guid":{"rendered":"https:\/\/www.juliendemeyere.fr\/?p=224356"},"modified":"2026-03-17T07:20:01","modified_gmt":"2026-03-17T06:20:01","slug":"lart-de-perdre-un-l-la-masterclass-de-celio","status":"publish","type":"post","link":"https:\/\/www.juliendemeyere.fr\/en\/lart-de-perdre-un-l-la-masterclass-de-celio\/","title":{"rendered":"L&rsquo;art de perdre un \u00ab\u00a0L\u00a0\u00bb : la masterclass de Celio"},"content":{"rendered":"<h2>Ces derniers jours, impossible de passer \u00e0 c\u00f4t\u00e9 du myst\u00e8re en ville ou sur vos r\u00e9seaux : le \u00ab L \u00bb de Celio s\u2019est volatilis\u00e9. Entre devantures amput\u00e9es, fausses vid\u00e9os de vid\u00e9osurveillance et <a class=\"ng-star-inserted\" href=\"https:\/\/twitter.com\/celio\" target=\"_blank\" rel=\"noopener\" data-hveid=\"0\" data-ved=\"0CAAQ_4QMahcKEwj7sdHaoaaTAxUAAAAAHQAAAAAQaw\">un communiqu\u00e9 de presse officiel tr\u00e8s solennel (publi\u00e9 sur le compte X de la marque)<\/a> annon\u00e7ant une enqu\u00eate en cours\u2026 La marque a jou\u00e9 le jeu \u00e0 fond pour tenir tout le monde en haleine. Mais derri\u00e8re ce \u00ab Ceio \u00bb temporaire se cachait en r\u00e9alit\u00e9 une annonce strat\u00e9gique majeure.<\/h2>\n<p>&nbsp;<\/p>\n<h2>L&rsquo;art de jouer sur les mots (et les lettres)<\/h2>\n<p>L&rsquo;id\u00e9e cr\u00e9ative repose sur un concept aussi simple que redoutable. Pendant des d\u00e9cennies, Celio s&rsquo;est concentr\u00e9 exclusivement sur le vestiaire masculin. En supprimant soudainement le \u00ab\u00a0L\u00a0\u00bb de son nom, l&rsquo;enseigne mettait subtilement en lumi\u00e8re une absence historique : celle d&rsquo;une collection d\u00e9di\u00e9e \u00e0 la gent f\u00e9minine. Le message final de la campagne vient conclure tout cela avec une belle \u00e9vidence : \u00ab Maintenant celio, ce n&rsquo;est plus sans elles \u00bb. Un jeu de mots parfait pour marquer ce tournant.<\/p>\n<p>&nbsp;<\/p>\n<div class='et-box et-shadow'>\n\t\t\t\t\t<div class='et-box-content'><blockquote class=\"instagram-media\" style=\"background: #FFF; border: 0; border-radius: 3px; box-shadow: 0 0 1px 0 rgba(0,0,0,0.5),0 1px 10px 0 rgba(0,0,0,0.15); margin: 1px; max-width: 540px; min-width: 326px; padding: 0; width: calc(100% - 2px);\" data-instgrm-captioned=\"\" data-instgrm-permalink=\"https:\/\/www.instagram.com\/reel\/DV0MLFiDTvE\/?utm_source=ig_embed&amp;utm_campaign=loading\" data-instgrm-version=\"14\">\n<div style=\"padding: 16px;\">\n<div style=\"display: flex; flex-direction: row; align-items: center;\">\n<div style=\"background-color: #f4f4f4; border-radius: 50%; flex-grow: 0; height: 40px; margin-right: 14px; width: 40px;\"><\/div>\n<div style=\"display: flex; flex-direction: column; flex-grow: 1; justify-content: center;\">\n<div style=\"background-color: #f4f4f4; border-radius: 4px; flex-grow: 0; height: 14px; margin-bottom: 6px; width: 100px;\"><\/div>\n<div style=\"background-color: #f4f4f4; border-radius: 4px; flex-grow: 0; height: 14px; width: 60px;\"><\/div>\n<\/div>\n<\/div>\n<div style=\"padding: 19% 0;\"><\/div>\n<div style=\"display: block; height: 50px; margin: 0 auto 12px; width: 50px;\"><\/div>\n<div style=\"padding-top: 8px;\">\n<div style=\"color: #3897f0; font-family: Arial,sans-serif; font-size: 14px; font-style: normal; font-weight: 550; line-height: 18px;\">Voir cette publication sur Instagram<\/div>\n<\/div>\n<div style=\"padding: 12.5% 0;\"><\/div>\n<div style=\"display: flex; flex-direction: row; margin-bottom: 14px; align-items: center;\">\n<div>\n<div style=\"background-color: #f4f4f4; border-radius: 50%; height: 12.5px; width: 12.5px; transform: translateX(0px) translateY(7px);\"><\/div>\n<div style=\"background-color: #f4f4f4; height: 12.5px; transform: rotate(-45deg) translateX(3px) translateY(1px); width: 12.5px; flex-grow: 0; margin-right: 14px; margin-left: 2px;\"><\/div>\n<div style=\"background-color: #f4f4f4; border-radius: 50%; height: 12.5px; width: 12.5px; transform: translateX(9px) translateY(-18px);\"><\/div>\n<\/div>\n<div style=\"margin-left: 8px;\">\n<div style=\"background-color: #f4f4f4; border-radius: 50%; flex-grow: 0; height: 20px; width: 20px;\"><\/div>\n<div style=\"width: 0; height: 0; border-top: 2px solid transparent; border-left: 6px solid #f4f4f4; border-bottom: 2px solid transparent; transform: translateX(16px) translateY(-4px) rotate(30deg);\"><\/div>\n<\/div>\n<div style=\"margin-left: auto;\">\n<div style=\"width: 0px; border-top: 8px solid #F4F4F4; border-right: 8px solid transparent; transform: translateY(16px);\"><\/div>\n<div style=\"background-color: #f4f4f4; flex-grow: 0; height: 12px; width: 16px; transform: translateY(-4px);\"><\/div>\n<div style=\"width: 0; height: 0; border-top: 8px solid #F4F4F4; border-left: 8px solid transparent; transform: translateY(-4px) translateX(8px);\"><\/div>\n<\/div>\n<\/div>\n<div style=\"display: flex; flex-direction: column; flex-grow: 1; justify-content: center; margin-bottom: 24px;\">\n<div style=\"background-color: #f4f4f4; border-radius: 4px; flex-grow: 0; height: 14px; margin-bottom: 6px; width: 224px;\"><\/div>\n<div style=\"background-color: #f4f4f4; border-radius: 4px; flex-grow: 0; height: 14px; width: 144px;\"><\/div>\n<\/div>\n<p style=\"color: #c9c8cd; font-family: Arial,sans-serif; font-size: 14px; line-height: 17px; margin-bottom: 0; margin-top: 8px; overflow: hidden; padding: 8px 0 7px; text-align: center; text-overflow: ellipsis; white-space: nowrap;\"><a style=\"color: #c9c8cd; font-family: Arial,sans-serif; font-size: 14px; font-style: normal; font-weight: normal; line-height: 17px; text-decoration: none;\" href=\"https:\/\/www.instagram.com\/reel\/DV0MLFiDTvE\/?utm_source=ig_embed&amp;utm_campaign=loading\" target=\"_blank\" rel=\"noopener\">Une publication partag\u00e9e par ce io (@celio_benormal)<\/a><\/p>\n<\/div>\n<\/blockquote>\n<p><script async src=\"\/\/www.instagram.com\/embed.js\"><\/script><\/div><\/div>\n<p>&nbsp;<\/p>\n<h2>Un buzz parfaitement orchestr\u00e9<\/h2>\n<p>G\u00e9n\u00e9rer pr\u00e8s de <strong>40 millions d&rsquo;impressions<\/strong> en un week-end ne s&rsquo;improvise pas. La marque a su utiliser les codes d&rsquo;aujourd&rsquo;hui pour faire monter l&rsquo;anticipation.<\/p>\n<p>\u200b<b>Un teasing \u00ab\u00a0In Real Life\u00a0\u00bb :<\/b> L&rsquo;illusion a \u00e9t\u00e9 pouss\u00e9e jusqu&rsquo;\u00e0 retirer physiquement la lettre des devantures des boutiques physiques.<\/p>\n<p>\u200b<b>L&rsquo;amplification par les pairs :<\/b> Le myst\u00e8re a pris une telle ampleur que d&rsquo;autres marques (comme Duolingo ou La Vie) et des personnalit\u00e9s d&rsquo;internet (comme Arkunir) se sont pr\u00eat\u00e9s au jeu sur X, d\u00e9multipliant la port\u00e9e de l&rsquo;op\u00e9ration de mani\u00e8re organique.<\/p>\n<p>Pour finalement ramener la lettre disparue \u00e0 la lumi\u00e8re et d\u00e9voiler le pot aux roses, Celio s&rsquo;est entour\u00e9e d&rsquo;un casting de choix. Des personnalit\u00e9s comme Camille Cerf, Sissy Mua, Noholita ou encore Mayadorable ont pr\u00eat\u00e9 leur image, offrant une transition id\u00e9ale entre le myst\u00e8re du teasing et l&rsquo;incarnation de la nouvelle collection.<\/p>\n<p>&nbsp;<\/p>\n<h2>Un virage strat\u00e9gique face \u00e0 la mutation du pr\u00eat-\u00e0-porter<\/h2>\n<p>Au-del\u00e0 du coup d\u2019\u00e9clat publicitaire, cette disparition du \u00ab\u00a0L\u00a0\u00bb cache un v\u00e9ritable enjeu business. Dans un secteur du retail fran\u00e7ais secou\u00e9 par de multiples crises, Celio fait le pari audacieux de la diversification. En s&rsquo;ouvrant au march\u00e9 f\u00e9minin, la marque ne se contente pas de faire du bruit : elle \u00e9largit consid\u00e9rablement sa cible et se positionne intelligemment pour combler le vide laiss\u00e9 par la disparition d&rsquo;autres grands noms de la mode accessible. Une mani\u00e8re habile de se r\u00e9inventer sans renier son ADN historique.<\/p>\n<p>&nbsp;<\/p>\n<p><img loading=\"lazy\" decoding=\"async\" class=\"alignnone wp-image-224372 size-large\" src=\"https:\/\/www.juliendemeyere.fr\/wp-content\/uploads\/2026\/03\/Parinor-4-1024x569.jpg\" alt=\"\" width=\"1024\" height=\"569\" srcset=\"https:\/\/www.juliendemeyere.fr\/wp-content\/uploads\/2026\/03\/Parinor-4-1024x569.jpg 1024w, https:\/\/www.juliendemeyere.fr\/wp-content\/uploads\/2026\/03\/Parinor-4-980x545.jpg 980w, https:\/\/www.juliendemeyere.fr\/wp-content\/uploads\/2026\/03\/Parinor-4-480x267.jpg 480w\" sizes=\"(min-width: 0px) and (max-width: 480px) 480px, (min-width: 481px) and (max-width: 980px) 980px, (min-width: 981px) 1024px, 100vw\" \/><\/p>\n<h2>Conclusion<\/h2>\n<p>Avec cette disparition savamment orchestr\u00e9e, Celio ne s\u2019est pas content\u00e9e de lancer de nouveaux produits. L\u2019enseigne a su capter l\u2019attention avec fra\u00eecheur et autod\u00e9rision, prouvant qu\u2019on peut encore surprendre avec une id\u00e9e simple, \u00e0 condition qu\u2019elle soit parfaitement ex\u00e9cut\u00e9e. Finalement, un petit \u00ab L \u00bb en moins aura suffi \u00e0 faire un grand pas en avant. <b data-path-to-node=\"14\" data-index-in-node=\"359\">Reste d\u00e9sormais \u00e0 voir si ce coup de ma\u00eetre marketing suffira \u00e0 imposer durablement la marque sur ce nouveau march\u00e9 tr\u00e8s concurrentiel.<\/b><\/p>","protected":false},"excerpt":{"rendered":"<p>Ces derniers jours, impossible de passer \u00e0 c\u00f4t\u00e9 du myst\u00e8re en ville ou sur vos r\u00e9seaux : le \u00ab L \u00bb de Celio s\u2019est volatilis\u00e9. Entre devantures amput\u00e9es, fausses vid\u00e9os de vid\u00e9osurveillance et un communiqu\u00e9 de presse officiel tr\u00e8s solennel (publi\u00e9 sur le compte X de la marque) annon\u00e7ant une enqu\u00eate en cours\u2026 La marque [&hellip;]<\/p>\n","protected":false},"author":1,"featured_media":224369,"comment_status":"open","ping_status":"open","sticky":false,"template":"","format":"standard","meta":{"footnotes":""},"categories":[36],"tags":[],"class_list":["post-224356","post","type-post","status-publish","format-standard","has-post-thumbnail","hentry","category-brand-actu"],"jetpack_featured_media_url":"https:\/\/www.juliendemeyere.fr\/wp-content\/uploads\/2026\/03\/Celio-sans-L.jpg","_links":{"self":[{"href":"https:\/\/www.juliendemeyere.fr\/en\/wp-json\/wp\/v2\/posts\/224356","targetHints":{"allow":["GET"]}}],"collection":[{"href":"https:\/\/www.juliendemeyere.fr\/en\/wp-json\/wp\/v2\/posts"}],"about":[{"href":"https:\/\/www.juliendemeyere.fr\/en\/wp-json\/wp\/v2\/types\/post"}],"author":[{"embeddable":true,"href":"https:\/\/www.juliendemeyere.fr\/en\/wp-json\/wp\/v2\/users\/1"}],"replies":[{"embeddable":true,"href":"https:\/\/www.juliendemeyere.fr\/en\/wp-json\/wp\/v2\/comments?post=224356"}],"version-history":[{"count":14,"href":"https:\/\/www.juliendemeyere.fr\/en\/wp-json\/wp\/v2\/posts\/224356\/revisions"}],"predecessor-version":[{"id":224377,"href":"https:\/\/www.juliendemeyere.fr\/en\/wp-json\/wp\/v2\/posts\/224356\/revisions\/224377"}],"wp:featuredmedia":[{"embeddable":true,"href":"https:\/\/www.juliendemeyere.fr\/en\/wp-json\/wp\/v2\/media\/224369"}],"wp:attachment":[{"href":"https:\/\/www.juliendemeyere.fr\/en\/wp-json\/wp\/v2\/media?parent=224356"}],"wp:term":[{"taxonomy":"category","embeddable":true,"href":"https:\/\/www.juliendemeyere.fr\/en\/wp-json\/wp\/v2\/categories?post=224356"},{"taxonomy":"post_tag","embeddable":true,"href":"https:\/\/www.juliendemeyere.fr\/en\/wp-json\/wp\/v2\/tags?post=224356"}],"curies":[{"name":"wp","href":"https:\/\/api.w.org\/{rel}","templated":true}]}}