{"id":223599,"date":"2025-11-15T22:23:27","date_gmt":"2025-11-15T21:23:27","guid":{"rendered":"https:\/\/www.juliendemeyere.fr\/?p=223599"},"modified":"2025-11-16T17:17:01","modified_gmt":"2025-11-16T16:17:01","slug":"decathlon-vise-les-etoiles","status":"publish","type":"post","link":"https:\/\/www.juliendemeyere.fr\/en\/decathlon-vise-les-etoiles\/","title":{"rendered":"Decathlon aims for the stars"},"content":{"rendered":"<h2 data-start=\"298\" data-end=\"706\">Decathlon vient de d\u00e9voiler une combinaison spatiale, l\u2019EuroSuit, qui sera test\u00e9e en conditions r\u00e9elles dans la Station spatiale internationale (ISS) par l\u2019astronaute Sophie Adenot l\u2019ann\u00e9e prochaine. \u00c0 premi\u00e8re vue, l\u2019id\u00e9e peut surprendre, mais replac\u00e9e dans le contexte de la mutation de la marque, elle appara\u00eet comme une d\u00e9marche r\u00e9fl\u00e9chie et strat\u00e9gique.<\/h2>\n<p>&nbsp;<\/p>\n<h2 data-start=\"728\" data-end=\"775\">Un nouveau souffle : le rebranding 2024<\/h2>\n<p data-start=\"777\" data-end=\"1296\">Le rebranding lanc\u00e9 en 2024 avait marqu\u00e9 un v\u00e9ritable tournant. Decathlon ne se limitait plus \u00e0 l\u2019image du distributeur d\u2019articles de sport accessibles : l\u2019objectif \u00e9tait de s\u2019imposer comme une r\u00e9f\u00e9rence mondiale, innovante et experte dans la conception de produits techniques. Cette orientation se trouvait dans la vision \u00ab Move People Through the Wonders of Sport \u00bb, pr\u00e9sent\u00e9e dans leur <a href=\"https:\/\/www.decathlon.media\/decathlon-nouvelle-identite\" target=\"_blank\" rel=\"noopener\">communiqu\u00e9 de presse officiel.<\/a><\/p>\n<p data-start=\"1298\" data-end=\"1795\">Le logo \u201cOrbite\u201d incarnait cette ambition visuelle, et l\u2019ensemble du syst\u00e8me graphique avait \u00e9t\u00e9 repens\u00e9 pour valoriser le savoir-faire industriel de l\u2019entreprise. Les magasins ont \u00e9t\u00e9 modernis\u00e9s, de nouveaux mod\u00e8les de consommation circulaire ont vu le jour, et les gammes d\u2019\u00e9quipements techniques ont \u00e9t\u00e9 renforc\u00e9es. Tous ces \u00e9l\u00e9ments t\u00e9moignaient d\u2019un repositionnement strat\u00e9gique : faire de Decathlon un acteur capable de rivaliser au niveau international avec les marques les plus exigeantes.<\/p>\n<p data-start=\"1298\" data-end=\"1795\"><img loading=\"lazy\" decoding=\"async\" class=\"alignnone wp-image-223613 size-large\" src=\"https:\/\/www.juliendemeyere.fr\/wp-content\/uploads\/2025\/11\/Decathlon-rebranding-1024x536.jpg\" alt=\"\" width=\"1024\" height=\"536\" srcset=\"https:\/\/www.juliendemeyere.fr\/wp-content\/uploads\/2025\/11\/Decathlon-rebranding-1024x536.jpg 1024w, https:\/\/www.juliendemeyere.fr\/wp-content\/uploads\/2025\/11\/Decathlon-rebranding-980x513.jpg 980w, https:\/\/www.juliendemeyere.fr\/wp-content\/uploads\/2025\/11\/Decathlon-rebranding-480x251.jpg 480w\" sizes=\"(min-width: 0px) and (max-width: 480px) 480px, (min-width: 481px) and (max-width: 980px) 980px, (min-width: 981px) 1024px, 100vw\" \/><\/p>\n<h2 data-start=\"1802\" data-end=\"1854\">L\u2019EuroSuit : une d\u00e9monstration par l\u2019extr\u00eame<\/h2>\n<p data-start=\"1856\" data-end=\"2492\">Dans ce contexte, la combinaison spatiale appara\u00eet comme une logique naturelle. Concevoir un v\u00eatement pour l\u2019espace ne se limite pas \u00e0 un simple coup m\u00e9diatique : c\u2019est une d\u00e9monstration technique. L\u2019environnement spatial impose des contraintes majeures \u2014 temp\u00e9rature extr\u00eame, pression, mobilit\u00e9 limit\u00e9e \u2014 que peu de marques peuvent affronter. Avec l\u2019EuroSuit, Decathlon d\u00e9montre qu\u2019elle peut concevoir des produits avanc\u00e9s et repousser les limites de son expertise. Cette initiative s\u2019inscrit dans un partenariat ambitieux entre le CNES, la start-up Spartan Space, l\u2019institut MEDES et Decathlon.<\/p>\n<p data-start=\"2494\" data-end=\"3029\">Au-del\u00e0 de la performance technique, le projet puise dans un imaginaire puissant : innovation, pr\u00e9cision, futur, recherche scientifique. En s\u2019inscrivant dans cet univers, la marque enrichit son image et affirme son ambition de d\u00e9passer le mod\u00e8le traditionnel \u00ab sport pour tous \u00bb pour devenir un acteur innovant et visionnaire. De plus, selon le post officiel LinkedIn, Decathlon pr\u00e9sente cette initiative sous la banni\u00e8re \u00ab OneBlueTeam \u00bb, ce qui souligne son engagement collectif et strat\u00e9gique. <span class=\"\" data-state=\"closed\"><span class=\"ms-1 inline-flex max-w-full items-center relative top-[-0.094rem] animate-[show_150ms_ease-in]\" data-testid=\"webpage-citation-pill\"><a class=\"flex h-4.5 overflow-hidden rounded-xl px-2 text-[9px] font-medium transition-colors duration-150 ease-in-out text-token-text-secondary! bg-[#F4F4F4]! dark:bg-[#303030]!\" href=\"https:\/\/fr.linkedin.com\/posts\/decathlon_eurosuit-oneblueteam-decathlon-activity-7395025779430166528-WHI4?utm_source=chatgpt.com\" target=\"_blank\" rel=\"noopener\"><span class=\"relative start-0 bottom-0 flex h-full w-full items-center\"><span class=\"flex h-4 w-full items-center justify-between overflow-hidden\"><span class=\"max-w-[15ch] grow truncate overflow-hidden text-center\">LinkedIn<\/span><\/span><\/span><\/a><\/span><\/span><\/p>\n<p data-start=\"2494\" data-end=\"3029\"><img loading=\"lazy\" decoding=\"async\" class=\"alignnone wp-image-223605 size-full\" src=\"https:\/\/www.juliendemeyere.fr\/wp-content\/uploads\/2025\/11\/decathlon-eurosuit-conception-technique-projet-spatial.jpg.jpeg\" alt=\"decathlon-eurosuit-conception-technique-projet-spatial.jpg\" width=\"800\" height=\"800\" srcset=\"https:\/\/www.juliendemeyere.fr\/wp-content\/uploads\/2025\/11\/decathlon-eurosuit-conception-technique-projet-spatial.jpg.jpeg 800w, https:\/\/www.juliendemeyere.fr\/wp-content\/uploads\/2025\/11\/decathlon-eurosuit-conception-technique-projet-spatial.jpg-480x480.jpeg 480w\" sizes=\"(min-width: 0px) and (max-width: 480px) 480px, (min-width: 481px) 800px, 100vw\" \/> <img loading=\"lazy\" decoding=\"async\" class=\"alignnone wp-image-223606 size-full\" src=\"https:\/\/www.juliendemeyere.fr\/wp-content\/uploads\/2025\/11\/decathlon-oneblueteam-projet-eurosuit.jpg\" alt=\"decathlon-eurosuit-projet-spatial\" width=\"800\" height=\"800\" srcset=\"https:\/\/www.juliendemeyere.fr\/wp-content\/uploads\/2025\/11\/decathlon-oneblueteam-projet-eurosuit.jpg 800w, https:\/\/www.juliendemeyere.fr\/wp-content\/uploads\/2025\/11\/decathlon-oneblueteam-projet-eurosuit-480x480.jpg 480w\" sizes=\"(min-width: 0px) and (max-width: 480px) 480px, (min-width: 481px) 800px, 100vw\" \/><\/p>\n<h2 data-start=\"3036\" data-end=\"3054\">Conclusion<\/h2>\n<p data-start=\"3056\" data-end=\"3594\">\u00c0 mon sens, Decathlon a jou\u00e9 une carte brillante. Avec l\u2019EuroSuit, la marque envoie un message clair : elle confirme son repositionnement strat\u00e9gique. Elle affirme qu\u2019elle ma\u00eetrise la technicit\u00e9, qu\u2019elle innove, qu\u2019elle entend voir plus loin que son rayon \u00e9quipement. Ce projet d\u00e9passe l\u2019effet d\u2019annonce. C\u2019est un geste symbolique puissant \u2014 et peut-\u00eatre m\u00eame le d\u00e9but d\u2019un investissement industriel \u00e0 long terme \u2014 qui nourrit une histoire de marque solide. En somme : une id\u00e9e audacieuse, coh\u00e9rente, et bien ex\u00e9cut\u00e9e.<\/p>\n","protected":false},"excerpt":{"rendered":"<p>Decathlon vient de d\u00e9voiler une combinaison spatiale, l\u2019EuroSuit, qui sera test\u00e9e en conditions r\u00e9elles dans la Station spatiale internationale (ISS) par l\u2019astronaute Sophie Adenot l\u2019ann\u00e9e prochaine. \u00c0 premi\u00e8re vue, l\u2019id\u00e9e peut surprendre, mais replac\u00e9e dans le contexte de la mutation de la marque, elle appara\u00eet comme une d\u00e9marche r\u00e9fl\u00e9chie et strat\u00e9gique. &nbsp; Un nouveau souffle [&hellip;]<\/p>\n","protected":false},"author":1,"featured_media":223604,"comment_status":"open","ping_status":"open","sticky":false,"template":"","format":"standard","meta":{"footnotes":""},"categories":[37],"tags":[],"class_list":["post-223599","post","type-post","status-publish","format-standard","has-post-thumbnail","hentry","category-divers"],"jetpack_featured_media_url":"https:\/\/www.juliendemeyere.fr\/wp-content\/uploads\/2025\/11\/decathlon-eurosuit-combinaison-spatiale-sophie-adenot.jpg","_links":{"self":[{"href":"https:\/\/www.juliendemeyere.fr\/en\/wp-json\/wp\/v2\/posts\/223599","targetHints":{"allow":["GET"]}}],"collection":[{"href":"https:\/\/www.juliendemeyere.fr\/en\/wp-json\/wp\/v2\/posts"}],"about":[{"href":"https:\/\/www.juliendemeyere.fr\/en\/wp-json\/wp\/v2\/types\/post"}],"author":[{"embeddable":true,"href":"https:\/\/www.juliendemeyere.fr\/en\/wp-json\/wp\/v2\/users\/1"}],"replies":[{"embeddable":true,"href":"https:\/\/www.juliendemeyere.fr\/en\/wp-json\/wp\/v2\/comments?post=223599"}],"version-history":[{"count":14,"href":"https:\/\/www.juliendemeyere.fr\/en\/wp-json\/wp\/v2\/posts\/223599\/revisions"}],"predecessor-version":[{"id":223618,"href":"https:\/\/www.juliendemeyere.fr\/en\/wp-json\/wp\/v2\/posts\/223599\/revisions\/223618"}],"wp:featuredmedia":[{"embeddable":true,"href":"https:\/\/www.juliendemeyere.fr\/en\/wp-json\/wp\/v2\/media\/223604"}],"wp:attachment":[{"href":"https:\/\/www.juliendemeyere.fr\/en\/wp-json\/wp\/v2\/media?parent=223599"}],"wp:term":[{"taxonomy":"category","embeddable":true,"href":"https:\/\/www.juliendemeyere.fr\/en\/wp-json\/wp\/v2\/categories?post=223599"},{"taxonomy":"post_tag","embeddable":true,"href":"https:\/\/www.juliendemeyere.fr\/en\/wp-json\/wp\/v2\/tags?post=223599"}],"curies":[{"name":"wp","href":"https:\/\/api.w.org\/{rel}","templated":true}]}}