{"id":13787,"date":"2025-05-21T13:19:00","date_gmt":"2025-05-21T11:19:00","guid":{"rendered":"https:\/\/www.juliendemeyere.fr\/?p=13787"},"modified":"2025-10-30T10:37:44","modified_gmt":"2025-10-30T09:37:44","slug":"%e2%93%93-le-nouveau-symbole-du-design-depose-en-europe-un-tournant-pour-la-profession","status":"publish","type":"post","link":"https:\/\/www.juliendemeyere.fr\/en\/%e2%93%93-le-nouveau-symbole-du-design-depose-en-europe-un-tournant-pour-la-profession\/","title":{"rendered":"\u24b9, the registered design symbol"},"content":{"rendered":"<h2>Le design franchit un cap symbolique et juridique avec l\u2019arriv\u00e9e officielle du symbole \u24b9, repr\u00e9sentant d\u00e9sormais le design enregistr\u00e9 dans l\u2019Union europ\u00e9enne. Derri\u00e8re ce petit cercle, un immense pas pour la reconnaissance du travail des designers et une avanc\u00e9e concr\u00e8te dans la protection de leurs cr\u00e9ations.<\/h2>\n<p>&nbsp;<\/p>\n<p>Jusqu\u2019ici, il existait des symboles bien ancr\u00e9s dans le langage juridique et marketing : \u00a9 pour le droit d\u2019auteur, \u00ae pour les marques d\u00e9pos\u00e9es, \u2122 pour les marques non enregistr\u00e9es\u2026 mais rien pour signaler qu\u2019un design \u00e9tait prot\u00e9g\u00e9. Un vide juridique et symbolique, qui contribuait souvent \u00e0 l\u2019invisibilisation du travail des designers face aux usages abusifs ou aux copies.<\/p>\n<p>Avec l\u2019introduction du \u24b9, ce vide est combl\u00e9. Ce symbole indique d\u00e9sormais qu\u2019un dessin ou mod\u00e8le est d\u00e9pos\u00e9 et prot\u00e9g\u00e9 au titre du droit des dessins et mod\u00e8les dans l\u2019Union europ\u00e9enne, en vertu de la l\u00e9gislation encadr\u00e9e par l\u2019EUIPO (Office de l\u2019Union europ\u00e9enne pour la propri\u00e9t\u00e9 intellectuelle).<\/p>\n<p><img loading=\"lazy\" decoding=\"async\" class=\"alignnone wp-image-13791 size-full\" src=\"https:\/\/www.juliendemeyere.fr\/wp-content\/uploads\/2025\/05\/Plan-de-travail-1.jpg\" alt=\"\" width=\"1920\" height=\"1080\" srcset=\"https:\/\/www.juliendemeyere.fr\/wp-content\/uploads\/2025\/05\/Plan-de-travail-1.jpg 1920w, https:\/\/www.juliendemeyere.fr\/wp-content\/uploads\/2025\/05\/Plan-de-travail-1-1280x720.jpg 1280w, https:\/\/www.juliendemeyere.fr\/wp-content\/uploads\/2025\/05\/Plan-de-travail-1-980x551.jpg 980w, https:\/\/www.juliendemeyere.fr\/wp-content\/uploads\/2025\/05\/Plan-de-travail-1-480x270.jpg 480w\" sizes=\"(min-width: 0px) and (max-width: 480px) 480px, (min-width: 481px) and (max-width: 980px) 980px, (min-width: 981px) and (max-width: 1280px) 1280px, (min-width: 1281px) 1920px, 100vw\" \/><\/p>\n<h2>Une r\u00e9forme pour moderniser le droit du design\u2026 et mieux l\u2019utiliser<\/h2>\n<p>&nbsp;<\/p>\n<p>Le symbole \u24b9 s\u2019inscrit dans une r\u00e9forme plus large du droit des dessins et mod\u00e8les dans l\u2019Union europ\u00e9enne, entr\u00e9e en vigueur en 2024 et d\u00e9ploy\u00e9e progressivement. Ce nouveau cadre modernise enfin une l\u00e9gislation qui n\u2019avait pas \u00e9volu\u00e9 depuis plus de vingt ans, \u00e0 l\u2019\u00e8re pr\u00e9-num\u00e9rique. Parmi les avanc\u00e9es majeures : la possibilit\u00e9 de d\u00e9poser des fichiers 3D pour prot\u00e9ger des designs num\u00e9riques ou virtuels, la simplification des frais de d\u00e9p\u00f4t (d\u00e9sormais plus accessibles aux ind\u00e9pendants et aux petites structures), ainsi qu\u2019une clarification bienvenue de l\u2019usage l\u00e9gal des cr\u00e9ations, notamment dans des contextes comme l\u2019impression 3D ou les contenus virtuels.<\/p>\n<p>Concr\u00e8tement, si tu es designer et que tu d\u00e9poses tes cr\u00e9ations via l\u2019EUIPO ou un office national, tu peux d\u00e9sormais apposer le symbole \u24b9 \u00e0 c\u00f4t\u00e9 de ton design \u2013 sur tes pr\u00e9sentations, maquettes, documents de livraison ou pages de portfolio. Il est recommand\u00e9 d\u2019accompagner ce symbole d\u2019une mention comme :<\/p>\n<p><mark>\u24b9 Design d\u00e9pos\u00e9 \u2013 Julien De Mey\u00e8re \u2013 EUIPO 2025<\/mark><\/p>\n<p>Un geste simple mais puissant, qui permet \u00e0 la fois de montrer que ton travail est juridiquement prot\u00e9g\u00e9 et d\u2019affirmer une posture professionnelle claire.<\/p>\n<p>&nbsp;<\/p>\n<h2>Conclusion<\/h2>\n<h3>Ce symbole peut sembler anecdotique, mais il porte en lui une promesse forte : celle d\u2019un design mieux reconnu, mieux d\u00e9fendu, et surtout mieux compris par les commanditaires et le grand public. En tant que graphiste ind\u00e9pendant, je me r\u00e9jouis de cette avanc\u00e9e. Elle offre un cadre plus clair, elle valorise notre travail, et elle ouvre la voie \u00e0 une culture plus mature autour de la propri\u00e9t\u00e9 intellectuelle dans les m\u00e9tiers cr\u00e9atifs.<\/h3>\n<p><span style=\"font-family: cofo-sans-pixel; color: #957c52;\">Pour en savoir plus : <a href=\"https:\/\/www.euipo.europa.eu\/en\/news\/it-is-finally-real-changes-to-eu-design-law-start-to-take-effect\" target=\"_blank\" rel=\"noopener\">It is finally real: changes to EU design law start to take effect<\/a><\/span><\/p>","protected":false},"excerpt":{"rendered":"<p>Le design franchit un cap symbolique et juridique avec l\u2019arriv\u00e9e officielle du symbole \u24b9, repr\u00e9sentant d\u00e9sormais le design enregistr\u00e9 dans l\u2019Union europ\u00e9enne. Derri\u00e8re ce petit cercle, un immense pas pour la reconnaissance du travail des designers et une avanc\u00e9e concr\u00e8te dans la protection de leurs cr\u00e9ations.<\/p>","protected":false},"author":1,"featured_media":13791,"comment_status":"open","ping_status":"open","sticky":false,"template":"","format":"standard","meta":{"footnotes":""},"categories":[37],"tags":[],"class_list":["post-13787","post","type-post","status-publish","format-standard","has-post-thumbnail","hentry","category-divers"],"jetpack_featured_media_url":"https:\/\/www.juliendemeyere.fr\/wp-content\/uploads\/2025\/05\/Plan-de-travail-1.jpg","_links":{"self":[{"href":"https:\/\/www.juliendemeyere.fr\/en\/wp-json\/wp\/v2\/posts\/13787","targetHints":{"allow":["GET"]}}],"collection":[{"href":"https:\/\/www.juliendemeyere.fr\/en\/wp-json\/wp\/v2\/posts"}],"about":[{"href":"https:\/\/www.juliendemeyere.fr\/en\/wp-json\/wp\/v2\/types\/post"}],"author":[{"embeddable":true,"href":"https:\/\/www.juliendemeyere.fr\/en\/wp-json\/wp\/v2\/users\/1"}],"replies":[{"embeddable":true,"href":"https:\/\/www.juliendemeyere.fr\/en\/wp-json\/wp\/v2\/comments?post=13787"}],"version-history":[{"count":29,"href":"https:\/\/www.juliendemeyere.fr\/en\/wp-json\/wp\/v2\/posts\/13787\/revisions"}],"predecessor-version":[{"id":223267,"href":"https:\/\/www.juliendemeyere.fr\/en\/wp-json\/wp\/v2\/posts\/13787\/revisions\/223267"}],"wp:featuredmedia":[{"embeddable":true,"href":"https:\/\/www.juliendemeyere.fr\/en\/wp-json\/wp\/v2\/media\/13791"}],"wp:attachment":[{"href":"https:\/\/www.juliendemeyere.fr\/en\/wp-json\/wp\/v2\/media?parent=13787"}],"wp:term":[{"taxonomy":"category","embeddable":true,"href":"https:\/\/www.juliendemeyere.fr\/en\/wp-json\/wp\/v2\/categories?post=13787"},{"taxonomy":"post_tag","embeddable":true,"href":"https:\/\/www.juliendemeyere.fr\/en\/wp-json\/wp\/v2\/tags?post=13787"}],"curies":[{"name":"wp","href":"https:\/\/api.w.org\/{rel}","templated":true}]}}