{"id":13625,"date":"2024-07-05T09:22:37","date_gmt":"2024-07-05T07:22:37","guid":{"rendered":"https:\/\/www.juliendemeyere.fr\/?p=13625"},"modified":"2025-10-28T13:23:30","modified_gmt":"2025-10-28T12:23:30","slug":"cdiscount-change-tout","status":"publish","type":"post","link":"https:\/\/www.juliendemeyere.fr\/en\/cdiscount-change-tout\/","title":{"rendered":"Cdiscount changes everything"},"content":{"rendered":"<div class=\"et_pb_section_0 et_pb_section et_section_regular et_block_section preset--module--divi-section--default\"><div class=\"et_pb_row_0 et_pb_row et_block_row preset--module--divi-row--default\"><div class=\"et_pb_column_0 et_pb_column et_pb_column_4_4 et-last-child et_block_column et_pb_css_mix_blend_mode_passthrough preset--module--divi-column--default\"><div class=\"et_pb_text_0 et_pb_text et_pb_bg_layout_light et_pb_module et_flex_module preset--group--divi-text--divi-font-header--h1y3ko5--default preset--module--divi-text--default\"><div class=\"et_pb_text_inner\"><p>Cdiscount, le g\u00e9ant fran\u00e7ais du commerce en ligne, d\u00e9voile sa nouvelle identit\u00e9 visuelle qui marque un tournant strat\u00e9gique pour la marque et vise \u00e0 se d\u00e9marquer de ses concurrents.<\/p>\n<\/div><\/div><\/div><\/div><div class=\"et_pb_row_1 et_pb_row et_pb_gutters2 et_block_row preset--module--divi-row--default\"><div class=\"et_pb_column_1 et_pb_column et_pb_column_1_2 et_block_column et_pb_css_mix_blend_mode_passthrough preset--module--divi-column--default\"><div class=\"et_pb_blurb_0 et_pb_blurb et_pb_bg_layout_light et_pb_blurb_position_top et_pb_module et_flex_module preset--module--divi-blurb--default\"><div class=\"et_pb_blurb_content et_flex_module\"><div class=\"et_pb_main_blurb_image\"><span class=\"et_pb_image_wrap et_pb_only_image_mode_wrap\"><img loading=\"lazy\" decoding=\"async\" src=\"https:\/\/www.juliendemeyere.fr\/wp-content\/uploads\/2024\/07\/cdiscount_old_logo_2024.png\" width=\"500\" height=\"250\" srcset=\"https:\/\/www.juliendemeyere.fr\/wp-content\/uploads\/2024\/07\/cdiscount_old_logo_2024.png 500w, https:\/\/www.juliendemeyere.fr\/wp-content\/uploads\/2024\/07\/cdiscount_old_logo_2024-480x240.png 480w\" sizes=\"(min-width: 0px) and (max-width: 480px) 480px, (min-width: 481px) 500px, 100vw\" class=\"wp-image-13634\" \/><\/span><\/div><div class=\"et_pb_blurb_container\"><h5 class=\"et_pb_module_header\">Avant<\/h5><\/div><\/div><\/div><\/div><div class=\"et_pb_column_2 et_pb_column et_pb_column_1_2 et-last-child et_block_column et_pb_css_mix_blend_mode_passthrough preset--module--divi-column--default\"><div class=\"et_pb_blurb_1 et_pb_blurb et_pb_bg_layout_light et_pb_blurb_position_top et_pb_module et_flex_module preset--module--divi-blurb--default\"><div class=\"et_pb_blurb_content et_flex_module\"><div class=\"et_pb_main_blurb_image\"><span class=\"et_pb_image_wrap et_pb_only_image_mode_wrap\"><img loading=\"lazy\" decoding=\"async\" src=\"https:\/\/www.juliendemeyere.fr\/wp-content\/uploads\/2024\/07\/cdiscount_new_logo_2024.png\" width=\"500\" height=\"250\" srcset=\"https:\/\/www.juliendemeyere.fr\/wp-content\/uploads\/2024\/07\/cdiscount_new_logo_2024.png 500w, https:\/\/www.juliendemeyere.fr\/wp-content\/uploads\/2024\/07\/cdiscount_new_logo_2024-480x240.png 480w\" sizes=\"(min-width: 0px) and (max-width: 480px) 480px, (min-width: 481px) 500px, 100vw\" class=\"wp-image-13633\" \/><\/span><\/div><div class=\"et_pb_blurb_container\"><h5 class=\"et_pb_module_header\">Apr\u00e8s<\/h5><\/div><\/div><\/div><\/div><\/div><div class=\"et_pb_row_2 et_pb_row et_block_row preset--module--divi-row--default\"><div class=\"et_pb_column_3 et_pb_column et_pb_column_4_4 et-last-child et_block_column et_pb_css_mix_blend_mode_passthrough preset--module--divi-column--default\"><div class=\"et_pb_text_1 et_pb_text et_pb_bg_layout_light et_pb_module et_flex_module preset--group--divi-text--divi-font-header--h1y3ko5--default preset--module--divi-text--default\"><div class=\"et_pb_text_inner\"><h2>Le discount militant<\/h2>\n<p>En ce milieu d'ann\u00e9e 2024, l'enseigne op\u00e8re une nouvelle strat\u00e9gie qui vise \u00e0 mettre l'accent sur sa mission dans un contexte \u00e9conomique difficile pour les consommateurs. Avec ce repositionnement, Cdiscount d\u00e9voile une nouvelle identit\u00e9 de marque surprenante r\u00e9alis\u00e9e par l'agence <strong>Carr\u00e9 Noir<\/strong>.<\/p>\n<p>\u00ab A travers cette nouvelle identit\u00e9, Cdiscount rend audible sa proposition de valeur. Le symbole du porte-voix d\u00e9sormais associ\u00e9 au logo de la marque est le signe d\u2019un militantisme assum\u00e9 au regard des nombreux atouts dont dispose l\u2019entreprise : moins cher, malin et engag\u00e9. Le choix de la typographie manuscrite et propri\u00e9taire renvoie par ailleurs au lien de proximit\u00e9 qu\u2019entretient l\u2019entreprise et dont l\u2019ADN a toujours \u00e9t\u00e9 de se tenir au plus pr\u00e8s des r\u00e9alit\u00e9s des Fran\u00e7ais. \u00bb<\/p>\n<\/div><\/div><\/div><\/div><div class=\"et_pb_row_3 et_pb_row et_block_row preset--module--divi-row--default\"><div class=\"et_pb_column_4 et_pb_column et_pb_column_4_4 et-last-child et_block_column et_pb_css_mix_blend_mode_passthrough preset--module--divi-column--default\"><div class=\"et_pb_image_0 et_pb_image et_pb_module et_flex_module\"><span class=\"et_pb_image_wrap\"><img loading=\"lazy\" decoding=\"async\" src=\"https:\/\/www.juliendemeyere.fr\/wp-content\/uploads\/2024\/07\/cdiscount-carre-noir-changement-identite-2.webp\" title=\"cdiscount-carre-noir-changement-identite-2\" width=\"1067\" height=\"1600\" srcset=\"https:\/\/www.juliendemeyere.fr\/wp-content\/uploads\/2024\/07\/cdiscount-carre-noir-changement-identite-2.webp 1067w, https:\/\/www.juliendemeyere.fr\/wp-content\/uploads\/2024\/07\/cdiscount-carre-noir-changement-identite-2-980x1470.webp 980w, https:\/\/www.juliendemeyere.fr\/wp-content\/uploads\/2024\/07\/cdiscount-carre-noir-changement-identite-2-480x720.webp 480w\" sizes=\"(min-width: 0px) and (max-width: 480px) 480px, (min-width: 481px) and (max-width: 980px) 980px, (min-width: 981px) 1067px, 100vw\" class=\"wp-image-13636\" \/><\/span><\/div><\/div><\/div><div class=\"et_pb_row_4 et_pb_row et_block_row preset--module--divi-row--default\"><div class=\"et_pb_column_5 et_pb_column et_pb_column_4_4 et-last-child et_block_column et_pb_css_mix_blend_mode_passthrough preset--module--divi-column--default\"><div class=\"et_pb_text_2 et_pb_text et_pb_bg_layout_light et_pb_module et_flex_module preset--group--divi-text--divi-font-header--h1y3ko5--default preset--module--divi-text--default\"><div class=\"et_pb_text_inner\"><h2>C nous !<\/h2>\n<p>Au revoir le logo historique bleu et orange. Le nouveau logo de Cdiscount se distingue par son approche. tr\u00e8s diff\u00e9rent de ce que propose la concurrence. Le bleu reste de mise mais a \u00e9t\u00e9 enti\u00e8rement revu pour \u00eatre plus lumineux et s'accompagne d\u00e9sormais d'autres teintes pour enrichir la palette de couleurs tr\u00e8s pop. L'\u00e9l\u00e9ment le plus marquant reste le porte-voix qui accompagne le nom, symbole central de la nouvelle identit\u00e9. L'ensemble est trait\u00e9 dans une typographie manuscrite typ\u00e9e \"graffiti\".<\/p>\n<p>Cette refonte visuelle s\u2019inscrit dans une strat\u00e9gie globale visant \u00e0 repositionner Cdiscount comme une marque engag\u00e9e, proche de ses clients. La marque, qui clame haut et fort sa raison d\u2019\u00eatre \u00ab d\u00e9fendre le pouvoir d\u2019avoir le choix \u00bb arbore d\u00e9sormais les codes du militantisme.<\/p>\n<\/div><\/div><\/div><\/div><div class=\"et_pb_row_5 et_pb_row et_block_row preset--module--divi-row--default\"><div class=\"et_pb_column_6 et_pb_column et_pb_column_4_4 et-last-child et_block_column et_pb_css_mix_blend_mode_passthrough preset--module--divi-column--default\"><div class=\"et_pb_video_0 et_pb_video et_pb_module et_flex_module\"><div class=\"et_pb_video_box\"><iframe loading=\"lazy\" title=\"Cdiscount d\u00e9voile sa nouvelle plateforme de marque\" width=\"1080\" height=\"608\" src=\"https:\/\/www.youtube.com\/embed\/ivUzXRvYMqE?feature=oembed\"  allow=\"accelerometer; autoplay; clipboard-write; encrypted-media; gyroscope; picture-in-picture; web-share\" referrerpolicy=\"strict-origin-when-cross-origin\" allowfullscreen><\/iframe><\/div><\/div><\/div><\/div><div class=\"et_pb_row_6 et_pb_row et_block_row preset--module--divi-row--default\"><div class=\"et_pb_column_7 et_pb_column et_pb_column_4_4 et-last-child et_block_column et_pb_css_mix_blend_mode_passthrough preset--module--divi-column--default\"><div class=\"et_pb_text_3 et_pb_text et_pb_bg_layout_light et_pb_module et_flex_module preset--group--divi-text--divi-font-header--h1y3ko5--default preset--module--divi-text--default\"><div class=\"et_pb_text_inner\"><h2>Conclusion<\/h2>\n<p>Bien que ce changement surprend \u00e0 bien des \u00e9gards, on reconna\u00eetra volontier la coh\u00e9rence du message de Cdiscount qui souhaite se positionner comme un alli\u00e9 du consommateur pour le pouvoir d'achat. Ce changement haut en couleur fait du bien et offre de nouvelles perspectives au discounter qui souffrait d'une image monotone. On regrettera tout de m\u00eame que les 3 piliers de la strat\u00e9gie (c'est pas cher, c'est malin, c'est engag\u00e9) ne fasse pas partie int\u00e9grante du language communiquant puisqu'il fait directement echo \u00e0 son nom.<\/p>\n<p>Pour en savoir plus sur cette nouvelle plateforme de marque, \u00e7a se passe <strong><a href=\"https:\/\/corporate.haier-europe.com\/press-release\/the-candy-revolution-is-live\/\" target=\"_new\" rel=\"noreferrer noopener\">ici<\/a>.\u00a0<\/strong><\/p>\n<\/div><\/div><\/div><\/div><\/div>","protected":false},"excerpt":{"rendered":"","protected":false},"author":1,"featured_media":13639,"comment_status":"open","ping_status":"open","sticky":false,"template":"","format":"standard","meta":{"footnotes":""},"categories":[36],"tags":[],"class_list":["post-13625","post","type-post","status-publish","format-standard","has-post-thumbnail","hentry","category-brand-actu"],"jetpack_featured_media_url":"https:\/\/www.juliendemeyere.fr\/wp-content\/uploads\/2024\/07\/cdiscount_idnetite_visuelle.jpg","_links":{"self":[{"href":"https:\/\/www.juliendemeyere.fr\/en\/wp-json\/wp\/v2\/posts\/13625","targetHints":{"allow":["GET"]}}],"collection":[{"href":"https:\/\/www.juliendemeyere.fr\/en\/wp-json\/wp\/v2\/posts"}],"about":[{"href":"https:\/\/www.juliendemeyere.fr\/en\/wp-json\/wp\/v2\/types\/post"}],"author":[{"embeddable":true,"href":"https:\/\/www.juliendemeyere.fr\/en\/wp-json\/wp\/v2\/users\/1"}],"replies":[{"embeddable":true,"href":"https:\/\/www.juliendemeyere.fr\/en\/wp-json\/wp\/v2\/comments?post=13625"}],"version-history":[{"count":8,"href":"https:\/\/www.juliendemeyere.fr\/en\/wp-json\/wp\/v2\/posts\/13625\/revisions"}],"predecessor-version":[{"id":14280,"href":"https:\/\/www.juliendemeyere.fr\/en\/wp-json\/wp\/v2\/posts\/13625\/revisions\/14280"}],"wp:featuredmedia":[{"embeddable":true,"href":"https:\/\/www.juliendemeyere.fr\/en\/wp-json\/wp\/v2\/media\/13639"}],"wp:attachment":[{"href":"https:\/\/www.juliendemeyere.fr\/en\/wp-json\/wp\/v2\/media?parent=13625"}],"wp:term":[{"taxonomy":"category","embeddable":true,"href":"https:\/\/www.juliendemeyere.fr\/en\/wp-json\/wp\/v2\/categories?post=13625"},{"taxonomy":"post_tag","embeddable":true,"href":"https:\/\/www.juliendemeyere.fr\/en\/wp-json\/wp\/v2\/tags?post=13625"}],"curies":[{"name":"wp","href":"https:\/\/api.w.org\/{rel}","templated":true}]}}